{"id":5727,"date":"2020-05-11T14:57:00","date_gmt":"2020-05-11T14:57:00","guid":{"rendered":"https:\/\/tehuelchenoticias.cl\/nuevo_sitio\/?p=5727"},"modified":"2021-08-17T21:33:20","modified_gmt":"2021-08-18T00:33:20","slug":"ventiladores-mecanicos-llegarian-a-aysen-en-octubre","status":"publish","type":"post","link":"https:\/\/tehuelchenoticias.cl\/nuevo_sitio\/2020\/05\/11\/ventiladores-mecanicos-llegarian-a-aysen-en-octubre\/","title":{"rendered":"Ventiladores Mec\u00e1nicos llegar\u00edan a Ays\u00e9n en octubre"},"content":{"rendered":"<p>\u00ab<\/p>\n<p class=\"\"MsoNormal\"\" style=\"\"text-align: justify;\"\"><strong style=\"\"mso-bidi-font-weight: normal;\"\">*Intendenta confirm&oacute; que la orden sali&oacute; reci&eacute;n el 8 de abril y que se podr&iacute;a demorar de 120 a 180 d&iacute;as la entrega a los equipos de salud de Ays&eacute;n.<\/strong><\/p>\n<p class=\"\"MsoNormal\"\" style=\"\"text-align: justify;\"\">&nbsp;<\/p>\n<p class=\"\"MsoNormal\"\" style=\"\"text-align: justify;\"\">&nbsp;<\/p>\n<p class=\"\"MsoNormal\"\" style=\"\"text-align: justify;\"\">Cuando se habla del err&aacute;tico actuar del Gobierno en la crisis sanitaria, son los hechos los que lo confirman. Las declaraciones desafortunadas del Ministro de Salud, Jaime Ma&ntilde;alich, sumadas a las acciones del Presidente Sebasti&aacute;n Pi&ntilde;era, no hacen otra cosa que sembrar duda y desconcierto en la poblaci&oacute;n.<\/p>\n<p class=\"\"MsoNormal\"\" style=\"\"text-align: justify;\"\">Se habla de 323 muertos, con m&aacute;s de 30 mil contagiados. En pa&iacute;ses del mundo con esa misma cifra de infectados, los fallecidos se triplican, por lo que leg&iacute;timamente la gente se pregunta si hay algo que no sabemos. Es dif&iacute;cil pensar que los chilenos son una excepci&oacute;n sanitaria a nivel mundial.<\/p>\n<p class=\"\"MsoNormal\"\" style=\"\"text-align: justify;\"\">Estas inexactitudes se traspasan a las autoridades locales, que tienen un escaso margen de acci&oacute;n y que se ci&ntilde;en a las instrucciones de Santiago. &ldquo;El protocolo que se nos ha indicado seguir. Es la forma que el Ministerio de Salud tiene para operar&rdquo;, dijo la ma&ntilde;ana de este lunes la Intendenta Geoconda Navarrete, a prop&oacute;sito de la demora en declarar el octavo caso de COVID 19 en Ays&eacute;n.<\/p>\n<p class=\"\"MsoNormal\"\" style=\"\"text-align: justify;\"\">En el mismo punto de prensa tuvo m&aacute;s malas noticias, porque si hace unas semanas se espera el arribo de los ventiladores mec&aacute;nicos en 120 d&iacute;as, ahora ese n&uacute;mero subi&oacute; a seis meses o 180 d&iacute;as, es decir, reci&eacute;n en octubre podr&iacute;an llegar a la regi&oacute;n, cuando el invierno haya pasado.<\/p>\n<p class=\"\"MsoNormal\"\" style=\"\"text-align: justify;\"\">En las &uacute;ltimas horas se han agregado 8 sospechas de coronavirus y se est&aacute; a la espera de esos resultados, mientras 192 muestras fueron tomadas al entorno del caso 8, todas negativas hasta ahora.<\/p>\n<p class=\"\"MsoNormal\"\" style=\"\"text-align: justify;\"\">La salud del taxista parece estar bien, en palabras de la Seremi de Salud, Alejandra Valdebenito, con &ldquo;condici&oacute;n de salud estable con sintomatolog&iacute;a del deceso&rdquo; (sic). De marzo a la fecha se han realizado 609 muestras, mientras que actualmente hay 82 personas con cuarentena estricta, asociado al caso ocho.<\/p>\n<p class=\"\"MsoNormal\"\" style=\"\"text-align: justify;\"\"><strong style=\"\"mso-bidi-font-weight: normal;\"\">Cronolog&iacute;a de una sumatoria de errores<\/strong><\/p>\n<p class=\"\"MsoNormal\"\" style=\"\"text-align: justify;\"\">En la web circula un gr&aacute;fico que relaciona las declaraciones de las autoridades de Gobierno, principalmente el Ministro de Salud, Jaime Ma&ntilde;alich y el Presidente Sebasti&aacute;n Pi&ntilde;era, con el aumento de casos y la cifra de fallecidos.<\/p>\n<p class=\"\"MsoNormal\"\" style=\"\"text-align: justify;\"\">El 17 de marzo el Ministro advert&iacute;a en el punto de prensa de ese d&iacute;a que &ldquo;no hay motivos para tener p&aacute;nico. Esta es una enfermedad que afecta a pocas personas (&hellip;) algunos va a necesitar hospitalizaci&oacute;n&rdquo;, tratando de minimizar los efectos de la pandemia en el pa&iacute;s.<\/p>\n<p class=\"\"MsoNormal\"\" style=\"\"text-align: justify;\"\">El 3 de abril en una declaraci&oacute;n casi absurda, el propio Ministro Ma&ntilde;alich se&ntilde;al&oacute; que tem&iacute;a que lo acusaran constitucionalmente por comprar muchos ventiladores, unos d&iacute;as despu&eacute;s &ntilde;a subsecretaria de Salud P&uacute;blica, Paula Daza, invita a tomar caf&eacute; a los amigos &ldquo;con dos metros de distancia&rdquo;.<\/p>\n<p class=\"\"MsoNormal\"\" style=\"\"text-align: justify;\"\">El 16 de abril, cuando la curva de contagios iba en franco ascenso, se oficia a los servicios p&uacute;blicos para retorno gradual de funcionarios y se publica protocolo para abrir los mall y el comercio, al otro d&iacute;a Ma&ntilde;alich acu&ntilde;a el concepto de &ldquo;nueva normalidad&rdquo;.<\/p>\n<p class=\"\"MsoNormal\"\" style=\"\"text-align: justify;\"\">El 21 de abril Salud indica que fue un &ldquo;grave error&rdquo; suspender las clases y al otro d&iacute;a advierte que se deben reiniciar las clases lo m&aacute;s pronto posible. El Presidente Pi&ntilde;era apoya estas declaraciones y habla del &ldquo;retorno seguro&rdquo; y asegura que tenemos &ldquo;una meseta con altibajos&rdquo;.<\/p>\n<p class=\"\"MsoNormal\"\" style=\"\"text-align: justify;\"\">Hace unos d&iacute;as el Ministro Ma&ntilde;alich asegur&oacute; que la &ldquo;pandemia durar&aacute; menos de lo que hab&iacute;amos pensado&rdquo; y luego con la fijaci&oacute;n propia de la derecha por las guerras y de levantar enemigos en todos lados se&ntilde;al&oacute; que &ldquo;esta es la gran batalla de Chile&rdquo;, del &uacute;ltimo siglo. Luego, precisa que la &ldquo;batalla de Santiago&rdquo; se debe ganar, pero llama a la responsabilidad de la poblaci&oacute;n y que &ldquo;piensen en los abuelos&rdquo;.<\/p>\n<p class=\"\"MsoNormal\"\" style=\"\"text-align: justify;\"\">En medio de todo esto el alcalde de Las Condes abre un mall en esa comuna, medida que luego revisar&iacute;a.<\/p>\n<p class=\"\"MsoNormal\"\" style=\"\"text-align: justify;\"\">Todo esto no ser&iacute;an m&aacute;s que an&eacute;cdotas por desconocimiento e ignorancia, si no fuera porque detr&aacute;s hay familias que est&aacute;n perdiendo a sus seres queridos, muchos ni siquiera se enteran que fallecieron a causa del COVID 19, por lo que probablemente las cifras que se muestran no son reales. Los errores comunicacionales y la improvisaci&oacute;n son de todos los d&iacute;as y ha sido denunciado por el Colegio M&eacute;dico en m&aacute;s de una oportunidad.<\/p>\n<p class=\"\"MsoNormal\"\" style=\"\"text-align: justify;\"\">Hace unas semanas se publicit&oacute; la entrega del carnet COVID para casos recuperados, lo cual tambi&eacute;n fue desestimado d&iacute;as despu&eacute;s. Es decir, la falta de conducci&oacute;n en medio de la pandemia es preocupante y habr&aacute; que esperar que el invierno retroceso en Europa y Estados Unidos para poder contar con los insumos necesarios en el tercer mundo.<\/p>\n<p class=\"\"MsoNormal\"\" style=\"\"text-align: justify;\"\">En Ays&eacute;n, al cierre de esta edici&oacute;n, a&uacute;n se desconoce el caso cero que origin&oacute; el octavo contagio y no ha existido una respuesta adecuada y contundente por parte de la Autoridad Sanitaria. Habr&aacute; que seguir esperando, mientras aquello no signifique la muerte de compatriotas.<\/p>\n<p class=\"\"MsoNormal\"\" style=\"\"text-align: justify;\"\">&nbsp;<\/p>\n<p class=\"\"MsoNormal\"\" style=\"\"text-align: justify;\"\">&nbsp;<\/p>\n<p>\u00ab<\/p>\n","protected":false},"excerpt":{"rendered":"<p>\u00ab *Intendenta confirm&oacute; que la orden sali&oacute; reci&eacute;n el 8 de abril y que se podr&iacute;a demorar de 120 a 180 d&iacute;as la entrega a los equipos de salud de Ays&eacute;n. &nbsp; &nbsp; Cuando se habla del err&aacute;tico actuar del Gobierno en la crisis sanitaria, son los hechos los que lo confirman. Las declaraciones desafortunadas [&hellip;]<\/p>\n","protected":false},"author":2,"featured_media":0,"comment_status":"open","ping_status":"open","sticky":false,"template":"","format":"standard","meta":{"footnotes":""},"categories":[34],"tags":[],"class_list":["post-5727","post","type-post","status-publish","format-standard","hentry","category-regional"],"_links":{"self":[{"href":"https:\/\/tehuelchenoticias.cl\/nuevo_sitio\/wp-json\/wp\/v2\/posts\/5727","targetHints":{"allow":["GET"]}}],"collection":[{"href":"https:\/\/tehuelchenoticias.cl\/nuevo_sitio\/wp-json\/wp\/v2\/posts"}],"about":[{"href":"https:\/\/tehuelchenoticias.cl\/nuevo_sitio\/wp-json\/wp\/v2\/types\/post"}],"author":[{"embeddable":true,"href":"https:\/\/tehuelchenoticias.cl\/nuevo_sitio\/wp-json\/wp\/v2\/users\/2"}],"replies":[{"embeddable":true,"href":"https:\/\/tehuelchenoticias.cl\/nuevo_sitio\/wp-json\/wp\/v2\/comments?post=5727"}],"version-history":[{"count":0,"href":"https:\/\/tehuelchenoticias.cl\/nuevo_sitio\/wp-json\/wp\/v2\/posts\/5727\/revisions"}],"wp:attachment":[{"href":"https:\/\/tehuelchenoticias.cl\/nuevo_sitio\/wp-json\/wp\/v2\/media?parent=5727"}],"wp:term":[{"taxonomy":"category","embeddable":true,"href":"https:\/\/tehuelchenoticias.cl\/nuevo_sitio\/wp-json\/wp\/v2\/categories?post=5727"},{"taxonomy":"post_tag","embeddable":true,"href":"https:\/\/tehuelchenoticias.cl\/nuevo_sitio\/wp-json\/wp\/v2\/tags?post=5727"}],"curies":[{"name":"wp","href":"https:\/\/api.w.org\/{rel}","templated":true}]}}