{"id":5724,"date":"2020-05-10T17:51:00","date_gmt":"2020-05-10T17:51:00","guid":{"rendered":"https:\/\/tehuelchenoticias.cl\/nuevo_sitio\/?p=5724"},"modified":"2021-08-17T21:33:21","modified_gmt":"2021-08-18T00:33:21","slug":"mas-alla-de-las-diferencias-necesitamos-darle-respuesta-concreta-a-las-12-760-familias-que-en-la-region-esperan-un-apoyo-de-esta-naturaleza","status":"publish","type":"post","link":"https:\/\/tehuelchenoticias.cl\/nuevo_sitio\/2020\/05\/10\/mas-alla-de-las-diferencias-necesitamos-darle-respuesta-concreta-a-las-12-760-familias-que-en-la-region-esperan-un-apoyo-de-esta-naturaleza\/","title":{"rendered":"\u201cM\u00e1s all\u00e1 de las diferencias, necesitamos darle respuesta concreta a las 12.760 familias que en la regi\u00f3n esperan un apoyo de esta naturaleza\u201d"},"content":{"rendered":"<p>\u00ab<\/p>\n<p class=\"\"MsoNormal\"\" style=\"\"text-align: justify;\"\"><strong><span style=\"\"font-family: 'Arial',sans-serif;\"\">Sandoval por Ingreso Familiar de Emergencia.&nbsp;<\/span><\/strong><strong><em><span style=\"\"font-family: 'Arial',sans-serif;\"\">Dicho mecanismo tambi&eacute;n beneficiar&aacute;, una vez que se concrete, a poco m&acute;&ntilde;as de 1 mill&oacute;n 700 mil familias a nivel nacional <\/span><\/em><\/strong><\/p>\n<p class=\"\"MsoNormal\"\" style=\"\"text-align: justify;\"\"><span style=\"\"font-family: 'Arial',sans-serif;\"\">&nbsp;<\/span><\/p>\n<p class=\"\"MsoNormal\"\" style=\"\"text-align: justify; text-indent: 35.4pt;\"\"><span style=\"\"font-family: 'Arial',sans-serif;\"\">A la espera del ingreso del veto presidencial al Congreso, respecto del proyecto de ley que crea un Ingreso Familiar de Emergencia, el senador David Sandoval Plaza, relev&oacute; la importancia de este instrumento, el cual, de concretarse, beneficiar&aacute; a poco m&aacute;s de 12.760 familias en la regi&oacute;n de aysen. <\/span><\/p>\n<p class=\"\"MsoNormal\"\" style=\"\"text-align: justify; text-indent: 35.4pt;\"\"><span style=\"\"font-family: 'Arial',sans-serif;\"\">Durante la discusi&oacute;n de esta iniciativa en la C&aacute;mara Alta, el parlamentario indic&oacute; que &ldquo;hablando con la gente y alcaldes de la regi&oacute;n, me se&ntilde;alaban la importancia de avanzar en la b&uacute;squeda de alternativas para hacer frente a este tema&rdquo;, agregando lo necesario que son este tipo de apoyos. &ldquo;Los que est&aacute;n sufriendo hoy d&iacute;a, son las (personas) que no tienen esta formalidad&rdquo;, asegur&oacute;, agregando que &ldquo;afortunadamente el Seguro de Protecci&oacute;n del Empleo ha impedido que m&aacute;s de 500 mil trabajadores est&eacute;n en la calle&rdquo;. <\/span><\/p>\n<p class=\"\"MsoNormal\"\" style=\"\"text-align: justify; text-indent: 35.4pt;\"\"><span style=\"\"font-family: 'Arial',sans-serif;\"\">Adem&aacute;s, Sandoval dijo entender que nunca una ayuda va a ser suficiente, absoluta o total, por lo cual, lo m&aacute;s probable es que en un tiempo m&aacute;s, se estar&aacute; nuevamente discutiendo la b&uacute;squeda de otro mecanismo de ayuda, si bien insisti&oacute; en que este Ingreso Familiar de Emergencia, es una manera de hacer frente &ldquo;a las necesidades que est&aacute; sufriendo la gente m&aacute;s humilde y modesta&rdquo;. <\/span><\/p>\n<p class=\"\"MsoNormal\"\" style=\"\"text-align: justify; text-indent: 35.4pt;\"\"><span style=\"\"font-family: 'Arial',sans-serif;\"\">Con todo, recalc&oacute; que &ldquo;m&aacute;s all&aacute; de las diferencias, necesitamos darle respuesta concreta a las 12.760 familias en la regi&oacute;n&rdquo;, que se pueden ver beneficiadas con este tema, el cual adem&aacute;s, a nivel nacional, beneficiar&aacute; a poco m&aacute;s de 1 mill&oacute;n 700 mil familias. <\/span><\/p>\n<p class=\"\"MsoNormal\"\" style=\"\"text-align: justify; text-indent: 35.4pt;\"\"><span style=\"\"font-family: 'Arial',sans-serif;\"\">En dicho contexto, el parlamentario tambi&eacute;n hizo hincapie en los efectos que est&aacute; teniendo la pandemia en el pa&iacute;s. &ldquo;Nos tiene a todos en una condici&oacute;n de tensi&oacute;n permanente y d&iacute;a a d&iacute;a estamos pendiente de los acontecimientos y c&oacute;mo &eacute;sta evoluciona&rdquo;, lamentando el que se hagan &ldquo;destempladas declaraciones y cr&iacute;ticas sobre si se est&aacute; haciendo bien o mal&rdquo;. <\/span><\/p>\n<p class=\"\"MsoNormal\"\" style=\"\"text-align: justify; text-indent: 35.4pt;\"\"><span style=\"\"font-family: 'Arial',sans-serif;\"\">Por ello, recalc&oacute; que lo m&aacute;s le importa a la comunidad es que se llegue con las ayudas y mecanismos necesarios &ldquo;para que nuestra gente vea la forma de llevar adelante esta condici&oacute;n tan completa que estamos viviendo&rdquo;. <\/span><\/p>\n<p class=\"\"MsoNormal\"\" style=\"\"text-align: justify; text-indent: 35.4pt;\"\"><span style=\"\"font-family: 'Arial',sans-serif;\"\">En ese sentido, el legislador lament&oacute; el permanente cuestionamiento que se hace, desde algunos sectores, a las autoridades gubernamentales. &ldquo;Estamos desviando el discurso, no lo estamos poniendo en la direcci&oacute;n que corresponde y aqu&iacute; tenemos que buscar todos los mecanismos que hagan posible que nuestras comunidades reciban los auxilios que se requieren, considerando que estamos en una emergencia, de la cual estamos aprendiendo no solamente como pa&iacute;s, sino que el mundo entero&rdquo;, subray&oacute;. <\/span><\/p>\n<p class=\"\"MsoNormal\"\" style=\"\"text-align: justify; text-indent: 35.4pt;\"\"><span style=\"\"font-family: 'Arial',sans-serif;\"\">Ante este escenario, el senador Sandoval enfatiz&oacute; que &ldquo;qui&eacute;n sabe lo que va a pasar ma&ntilde;ana&rdquo;, reiterando que probablemente durante los pr&oacute;ximos meses &ldquo;estaremos discutiendo otros beneficios&rdquo;. <\/span><\/p>\n<p><span style=\"\"font-size: 12.0pt; font-family: 'Arial',sans-serif; mso-fareast-font-family: Calibri; mso-fareast-theme-font: minor-latin; mso-ansi-language: ES-CL; mso-fareast-language: EN-US; mso-bidi-language: AR-SA;\"\">Finalmente, el parlamentaruo cuestion&oacute; que algunos sectores hayan pretendido hacer ver una situaci&oacute;n exitista del Gobierno. &ldquo;El Presidente hizo muchas veces menci&oacute;n, a que no hab&iacute;a que tener una actitud de esa naturaleza, todo lo contrario, ha llamado a la cautela permanentemente&rdquo;, concluy&oacute;.&nbsp;<\/span><\/p>\n<p>\u00ab<\/p>\n","protected":false},"excerpt":{"rendered":"<p>\u00ab Sandoval por Ingreso Familiar de Emergencia.&nbsp;Dicho mecanismo tambi&eacute;n beneficiar&aacute;, una vez que se concrete, a poco m&acute;&ntilde;as de 1 mill&oacute;n 700 mil familias a nivel nacional &nbsp; A la espera del ingreso del veto presidencial al Congreso, respecto del proyecto de ley que crea un Ingreso Familiar de Emergencia, el senador David Sandoval Plaza, [&hellip;]<\/p>\n","protected":false},"author":2,"featured_media":0,"comment_status":"open","ping_status":"open","sticky":false,"template":"","format":"standard","meta":{"footnotes":""},"categories":[34],"tags":[],"class_list":["post-5724","post","type-post","status-publish","format-standard","hentry","category-regional"],"_links":{"self":[{"href":"https:\/\/tehuelchenoticias.cl\/nuevo_sitio\/wp-json\/wp\/v2\/posts\/5724","targetHints":{"allow":["GET"]}}],"collection":[{"href":"https:\/\/tehuelchenoticias.cl\/nuevo_sitio\/wp-json\/wp\/v2\/posts"}],"about":[{"href":"https:\/\/tehuelchenoticias.cl\/nuevo_sitio\/wp-json\/wp\/v2\/types\/post"}],"author":[{"embeddable":true,"href":"https:\/\/tehuelchenoticias.cl\/nuevo_sitio\/wp-json\/wp\/v2\/users\/2"}],"replies":[{"embeddable":true,"href":"https:\/\/tehuelchenoticias.cl\/nuevo_sitio\/wp-json\/wp\/v2\/comments?post=5724"}],"version-history":[{"count":0,"href":"https:\/\/tehuelchenoticias.cl\/nuevo_sitio\/wp-json\/wp\/v2\/posts\/5724\/revisions"}],"wp:attachment":[{"href":"https:\/\/tehuelchenoticias.cl\/nuevo_sitio\/wp-json\/wp\/v2\/media?parent=5724"}],"wp:term":[{"taxonomy":"category","embeddable":true,"href":"https:\/\/tehuelchenoticias.cl\/nuevo_sitio\/wp-json\/wp\/v2\/categories?post=5724"},{"taxonomy":"post_tag","embeddable":true,"href":"https:\/\/tehuelchenoticias.cl\/nuevo_sitio\/wp-json\/wp\/v2\/tags?post=5724"}],"curies":[{"name":"wp","href":"https:\/\/api.w.org\/{rel}","templated":true}]}}