{"id":5721,"date":"2020-05-10T12:36:00","date_gmt":"2020-05-10T12:36:00","guid":{"rendered":"https:\/\/tehuelchenoticias.cl\/nuevo_sitio\/?p=5721"},"modified":"2021-08-17T21:33:21","modified_gmt":"2021-08-18T00:33:21","slug":"federacion-regionalista-verde-social-de-la-region-de-aysen-exige-rebaja-inmediata-de-la-dieta-parlamentaria","status":"publish","type":"post","link":"https:\/\/tehuelchenoticias.cl\/nuevo_sitio\/2020\/05\/10\/federacion-regionalista-verde-social-de-la-region-de-aysen-exige-rebaja-inmediata-de-la-dieta-parlamentaria\/","title":{"rendered":"Federaci\u00f3n Regionalista Verde Social de la Regi\u00f3n de Ays\u00e9n exige rebaja inmediata de la dieta parlamentaria"},"content":{"rendered":"<p>\u00ab<\/p>\n<p class=\"\"MsoNormal\"\" style=\"\"mso-margin-top-alt: auto; mso-margin-bottom-alt: auto; text-align: center; mso-line-height-alt: 13.8pt; background: white;\"\" align=\"\"center\"\"><em><span lang=\"\"ES\"\" style=\"\"mso-fareast-font-family: 'Times New Roman'; mso-bidi-font-family: Calibri; mso-bidi-theme-font: minor-latin; color: #222222; mso-ansi-language: ES;\"\">*Si bien la rebaja de la dieta en un 50% era inmediata en el proyecto original, en el Senado se elimin&oacute; esta disposici&oacute;n, raz&oacute;n por la cual los diputados de la Bancada Regionalista e Independiente votaron en contra de la medida.<\/span><\/em><\/p>\n<p class=\"\"MsoNormal\"\" style=\"\"mso-margin-top-alt: auto; mso-margin-bottom-alt: auto; text-align: justify; line-height: 13.8pt; background: white;\"\"><span lang=\"\"ES\"\" style=\"\"mso-fareast-font-family: 'Times New Roman'; mso-bidi-font-family: Calibri; mso-bidi-theme-font: minor-latin; color: #222222; mso-ansi-language: ES;\"\">Hace aproximadamente seis a&ntilde;os se viene discutiendo el proyecto que propone la rebaja de la dieta parlamentaria en Chile, iniciativa que con el movimiento social tom&oacute; mayor fuerza. En ese sentido, la Federaci&oacute;n Regionalista Verde Social, destac&oacute; que originalmente en el primer tr&aacute;mite constitucional se contemplaba la rebaja inmediata del 50% de la dieta a la espera de que un ente externo determinara algo definitivo. Sin embargo, al continuar la tramitaci&oacute;n, el Senado introdujo modificaciones las que fueron rechazadas por la C&aacute;mara de Diputadas y Diputados llevando la discusi&oacute;n a una comisi&oacute;n mixta cuyo informe se vot&oacute; y aprob&oacute; el jueves 7 en la c&aacute;mara baja, manteniendo lo propuesto por los senadores quienes eliminaron la disminuci&oacute;n autom&aacute;tica del 50%, raz&oacute;n principal por la que los diputados de la Bancada Regionalista e Independiente &ndash;donde se encuentra el parlamentario Ren&eacute; Alinco Bustos-, votaron en contra de la medida calific&aacute;ndola de &ldquo;tramposa y completamente alejada de lo que la ciudadan&iacute;a nos exige&rdquo;.<\/span><\/p>\n<p class=\"\"MsoNormal\"\" style=\"\"mso-margin-top-alt: auto; mso-margin-bottom-alt: auto; text-align: justify; line-height: 13.8pt; background: white;\"\"><span lang=\"\"ES\"\" style=\"\"mso-fareast-font-family: 'Times New Roman'; mso-bidi-font-family: Calibri; mso-bidi-theme-font: minor-latin; color: #222222; mso-ansi-language: ES;\"\">Desde la Federaci&oacute;n Regionalista Verde, la presidenta de la bancada Alejandra Sep&uacute;lveda argument&oacute; que lo ocurrido este jueves en la C&aacute;mara &ldquo;fue un chiste&rdquo;, explicando adem&aacute;s que lo que pasar&aacute; con el proyecto es un mero maquillaje a la exigencia de todos los chilenos quienes s&iacute; han visto afectados sus sueldos de forma inmediata en medio de esta pandemia. De igual forma, la parlamentaria se mostr&oacute; en contra de los legisladores de oposici&oacute;n quienes aceptaron que esta rebaja del 50% no sea inmediata tal cual se hab&iacute;a planteado en un inicio.<\/span><\/p>\n<p class=\"\"MsoNormal\"\" style=\"\"margin-bottom: 10.0pt; text-align: justify; line-height: 12.65pt; background: white;\"\"><span lang=\"\"ES\"\" style=\"\"mso-fareast-font-family: 'Times New Roman'; mso-bidi-font-family: Calibri; mso-bidi-theme-font: minor-latin; color: #222222; mso-ansi-language: ES;\"\">Y es que efectivamente, este jueves la C&aacute;mara acept&oacute; &ndash;a&uacute;n con el voto en contra de la bancada regionalista- que el Consejo de Alta Direcci&oacute;n P&uacute;blica sea el que determine cu&aacute;l ser&aacute; la rebaja que se aplicar&aacute; a las dietas de los parlamentarios, evit&aacute;ndose as&iacute; que esta sea inmediata y, muy por el contrario, se de en un tiempo que a&uacute;n no se sabe y corri&eacute;ndose el riesgo de que esta disminuci&oacute;n de sueldo bruto sea menor al 50%.<\/span><\/p>\n<p class=\"\"MsoNormal\"\" style=\"\"mso-margin-top-alt: auto; mso-margin-bottom-alt: auto; text-align: justify; line-height: 13.8pt; background: white;\"\"><span lang=\"\"ES\"\" style=\"\"mso-fareast-font-family: 'Times New Roman'; mso-bidi-font-family: Calibri; mso-bidi-theme-font: minor-latin; color: #222222; mso-ansi-language: ES;\"\">Orlando Orellana, presidente de la Federaci&oacute;n Regionalista Verde Social de Ays&eacute;n, se refiri&oacute; a lo aprobado este jueves, se&ntilde;alando que &ldquo;pedimos a la C&aacute;mara de Diputados y a los senadores que la rebaja de la dieta sea inmediata, no puede ser que est&eacute;n buscando artilugios y formas de alargar esto. Valoramos tambi&eacute;n que algunos diputados, como el diputado Mulet, presidente de la Federaci&oacute;n, junto al diputado Ren&eacute; Alinco hayan exigido que esta rebaja sea inmediata pues es lo que la gente est&aacute; pidiendo&rdquo;, afirm&oacute; el dirigente, exigiendo a los dem&aacute;s diputados que se pronuncien al respecto, &ldquo;pedimos que esta medida se tome a la brevedad&rdquo;, reiter&oacute;.<\/span><\/p>\n<p class=\"\"MsoNormal\"\" style=\"\"mso-margin-top-alt: auto; mso-margin-bottom-alt: auto; text-align: justify; line-height: 13.8pt; background: white;\"\"><span lang=\"\"ES\"\" style=\"\"mso-fareast-font-family: 'Times New Roman'; mso-bidi-font-family: Calibri; mso-bidi-theme-font: minor-latin; color: #222222; mso-ansi-language: ES;\"\">Orellana igualmente fue enf&aacute;tico en resaltar que &ldquo;quiz&aacute;s no se van a resolver grandes problemas del pa&iacute;s, pero necesitamos que los parlamentarios m&aacute;s que unos compromisos con el dinero tengan un compromiso con su comunidad, con la sociedad, y eso se demuestra tambi&eacute;n no teniendo a lo mejor un ingreso tan alto, &hellip;por eso exigimos que ellos se rebajen el sueldo ya, no podemos esperar en el tiempo que ellos se mantengan con esos montos&rdquo;, finaliz&oacute;.<\/span><\/p>\n<p class=\"\"MsoNormal\"\" style=\"\"mso-margin-top-alt: auto; mso-margin-bottom-alt: auto; text-align: justify; line-height: 13.8pt; background: white;\"\"><span lang=\"\"ES\"\" style=\"\"mso-fareast-font-family: 'Times New Roman'; mso-bidi-font-family: Calibri; mso-bidi-theme-font: minor-latin; color: #222222; mso-ansi-language: ES;\"\">Cabe recordar que junto a los diputados Alejandra Sep&uacute;lveda (FRVS), Esteban Vel&aacute;squez (FRVS) y Jaime Mulet (FRVS), la bancada tambi&eacute;n la conforma el independiente, Ren&eacute; Alinco.&nbsp;<\/span><\/p>\n<p class=\"\"MsoNormal\"\"><span lang=\"\"ES\"\" style=\"\"mso-ansi-language: ES;\"\">&nbsp;<\/span><\/p>\n<p>\u00ab<\/p>\n","protected":false},"excerpt":{"rendered":"<p>\u00ab *Si bien la rebaja de la dieta en un 50% era inmediata en el proyecto original, en el Senado se elimin&oacute; esta disposici&oacute;n, raz&oacute;n por la cual los diputados de la Bancada Regionalista e Independiente votaron en contra de la medida. Hace aproximadamente seis a&ntilde;os se viene discutiendo el proyecto que propone la rebaja [&hellip;]<\/p>\n","protected":false},"author":2,"featured_media":0,"comment_status":"open","ping_status":"open","sticky":false,"template":"","format":"standard","meta":{"footnotes":""},"categories":[34],"tags":[],"class_list":["post-5721","post","type-post","status-publish","format-standard","hentry","category-regional"],"_links":{"self":[{"href":"https:\/\/tehuelchenoticias.cl\/nuevo_sitio\/wp-json\/wp\/v2\/posts\/5721","targetHints":{"allow":["GET"]}}],"collection":[{"href":"https:\/\/tehuelchenoticias.cl\/nuevo_sitio\/wp-json\/wp\/v2\/posts"}],"about":[{"href":"https:\/\/tehuelchenoticias.cl\/nuevo_sitio\/wp-json\/wp\/v2\/types\/post"}],"author":[{"embeddable":true,"href":"https:\/\/tehuelchenoticias.cl\/nuevo_sitio\/wp-json\/wp\/v2\/users\/2"}],"replies":[{"embeddable":true,"href":"https:\/\/tehuelchenoticias.cl\/nuevo_sitio\/wp-json\/wp\/v2\/comments?post=5721"}],"version-history":[{"count":0,"href":"https:\/\/tehuelchenoticias.cl\/nuevo_sitio\/wp-json\/wp\/v2\/posts\/5721\/revisions"}],"wp:attachment":[{"href":"https:\/\/tehuelchenoticias.cl\/nuevo_sitio\/wp-json\/wp\/v2\/media?parent=5721"}],"wp:term":[{"taxonomy":"category","embeddable":true,"href":"https:\/\/tehuelchenoticias.cl\/nuevo_sitio\/wp-json\/wp\/v2\/categories?post=5721"},{"taxonomy":"post_tag","embeddable":true,"href":"https:\/\/tehuelchenoticias.cl\/nuevo_sitio\/wp-json\/wp\/v2\/tags?post=5721"}],"curies":[{"name":"wp","href":"https:\/\/api.w.org\/{rel}","templated":true}]}}