{"id":5720,"date":"2020-05-10T12:33:00","date_gmt":"2020-05-10T12:33:00","guid":{"rendered":"https:\/\/tehuelchenoticias.cl\/nuevo_sitio\/?p=5720"},"modified":"2021-08-17T21:33:21","modified_gmt":"2021-08-18T00:33:21","slug":"en-concurrida-videoconferencia-servicio-de-salud-aysen-exhibio-plan-estrategico-de-atencion-por-covid-19","status":"publish","type":"post","link":"https:\/\/tehuelchenoticias.cl\/nuevo_sitio\/2020\/05\/10\/en-concurrida-videoconferencia-servicio-de-salud-aysen-exhibio-plan-estrategico-de-atencion-por-covid-19\/","title":{"rendered":"En concurrida Videoconferencia Servicio de Salud Ays\u00e9n exhibi\u00f3 Plan Estrat\u00e9gico de atenci\u00f3n por COVID-19"},"content":{"rendered":"<p>\u00ab<\/p>\n<p class=\"\"MsoNormal\"\" style=\"\"text-align: justify;\"\"><em><span lang=\"\"ES\"\" style=\"\"font-size: 14.0pt; line-height: 107%; font-family: 'Calibri Light',sans-serif; mso-bidi-font-weight: bold;\"\">Nuevas modalidades de atenci&oacute;n, despliegue territorial de los equipos, remodelaci&oacute;n de infraestructura, aportes de los sectores p&uacute;blico y privado, adem&aacute;s de la importante inyecci&oacute;n de recursos financieros y humanos, fueron descritos en detalle por las autoridades del SSA.<\/span><\/em><\/p>\n<p class=\"\"MsoNormal\"\" style=\"\"text-align: justify;\"\"><em><span lang=\"\"ES\"\" style=\"\"font-size: 14.0pt; line-height: 107%; font-family: 'Calibri Light',sans-serif; mso-bidi-font-weight: bold;\"\">&nbsp;<\/span><\/em><\/p>\n<p class=\"\"MsoNormal\"\" style=\"\"text-align: justify;\"\"><span lang=\"\"ES\"\" style=\"\"font-size: 12.0pt; line-height: 107%; font-family: 'Calibri Light',sans-serif; mso-bidi-font-weight: bold;\"\">Mediante Videoconferencia, unas 80 personas entre autoridades, ciudadan&iacute;a y representantes de la sociedad civil, conocieron en detalle la ma&ntilde;ana de este viernes 8 de mayo, la presentaci&oacute;n del plan estrat&eacute;gico implementado por el Servicio de Salud Ays&eacute;n ante la pandemia y que se ha estado implementando en toda la Red asistencial.<\/span><\/p>\n<p class=\"\"MsoNormal\"\" style=\"\"text-align: justify;\"\"><span lang=\"\"ES\"\" style=\"\"font-size: 12.0pt; line-height: 107%; font-family: 'Calibri Light',sans-serif; mso-bidi-font-weight: bold;\"\">La estrategia que contempla: las nuevas modalidades de atenci&oacute;n diferenciadas, el despliegue territorial de los equipos de Salud, las remodelaciones en infraestructura que se han realizado en recintos como el Hospital Regional, adem&aacute;s de la importante inyecci&oacute;n de recursos financieros y humanos, fue dada a conocer ante la presencia de la Intendente Geoconda Navarrete, La SEREMI De Salud, el Presidente del CORE Ays&eacute;n y representantes de los Consejos de la Sociedad Civil de los establecimientos de la Red asistencial.<\/span><\/p>\n<p class=\"\"MsoNormal\"\" style=\"\"text-align: justify;\"\"><span lang=\"\"ES\"\" style=\"\"font-size: 12.0pt; line-height: 107%; font-family: 'Calibri Light',sans-serif; mso-bidi-font-weight: bold;\"\">&ldquo;Creo que aqu&iacute; hay un tremendo trabajo silencioso, que muchas veces lleva a que la comunidad piense que no se est&aacute; haciendo nada, que estamos improvisando, sin embargo lo que nos ha expuesto el Servicio de Salud Ays&eacute;n, junto a sus m&eacute;dicos, junto a esta reorganizaci&oacute;n que han hecho para entregar m&aacute;s atenci&oacute;n a la ciudadan&iacute;a, da cuenta de un trabajo responsable y que no estamos improvisando, pues nuestra primera prioridad es la salud de las personas en esta pandemia&ldquo;, se&ntilde;al&oacute; la Intendente de Ays&eacute;n, Geoconda Navarrete.<\/span><\/p>\n<p class=\"\"MsoNormal\"\" style=\"\"text-align: justify;\"\"><span lang=\"\"ES\"\" style=\"\"font-size: 12.0pt; line-height: 107%; font-family: 'Calibri Light',sans-serif; mso-bidi-font-weight: bold;\"\">Del mismo modo, la primera autoridad de Ays&eacute;n, sostuvo que &ldquo;ninguna modificaci&oacute;n, ni los miles de millones que podamos comprar en equipos, van a cambiar la realidad si las personas no act&uacute;an de manera responsable y con autocuidado &ldquo;, enfatiz&oacute;.<\/span><\/p>\n<p class=\"\"MsoNormal\"\" style=\"\"text-align: justify;\"\"><span lang=\"\"ES\"\" style=\"\"font-size: 12.0pt; line-height: 107%; font-family: 'Calibri Light',sans-serif; mso-bidi-font-weight: bold;\"\">Por su parte la Secretaria Regional Ministerial de Salud, Alejandra Valdebenito tuvo palabras para resaltar la preparaci&oacute;n y el trabajo de la red asistencial a la hora de enfrentar la pandemia.<\/span><\/p>\n<p class=\"\"MsoNormal\"\" style=\"\"text-align: justify;\"\"><span lang=\"\"ES\"\" style=\"\"font-size: 12.0pt; line-height: 107%; font-family: 'Calibri Light',sans-serif; mso-bidi-font-weight: bold;\"\">&ldquo;Creo que la presentaci&oacute;n de la Direcci&oacute;n del Servicio de Salud a trav&eacute;s de sus tres presentadores que fueron el Director, el Subdirector M&eacute;dico y la Dra. Duffau, ha dejado en evidencia que ha sido un largo trabajo, muy planificado y que hoy d&iacute;a da cuenta de que la instituci&oacute;n se ha ido preparando, que est&aacute; preparado para una eventual contingencia sanitaria, no obstante me quedo con las palabras y conclusiones de la &uacute;ltima presentaci&oacute;n, en la cual se establece que nuestra mayor amenaza tiene que ver m&aacute;s que con el n&uacute;mero de contagiados, con la demanda asistencial que podamos llegar a tener, toda vez que el 3% a 8% como se present&oacute;, va a requerir un tipo de hospitalizaci&oacute;n, por lo tanto el llamado a la poblaci&oacute;n, es a tomar cada una de estas medidas sanitarias que han sido dispuestas por el ministerio de salud, para que a trav&eacute;s de medidas tan simple como el qu&eacute;date en casa, l&aacute;vate las manos, usa mascarilla o mantener la distancia social, podamos evitar una diseminaci&oacute;n m&uacute;ltiple o agresiva y evitar generar un colapso&ldquo;, estableci&oacute; la autoridad sanitaria.<\/span><\/p>\n<p class=\"\"MsoNormal\"\" style=\"\"text-align: justify;\"\"><span lang=\"\"ES\"\" style=\"\"font-size: 12.0pt; line-height: 107%; font-family: 'Calibri Light',sans-serif; mso-bidi-font-weight: bold;\"\">Igualmente, la presidenta del Consejo de Salud del Hospital Regional Coyhaique, Margarita Arismendi, tras presenciar la presentaci&oacute;n reflexion&oacute; poni&eacute;ndole &eacute;nfasis, en lo importante que es destacar lo positivo de la gesti&oacute;n que se ha realizado en salud.<\/span><\/p>\n<p class=\"\"MsoNormal\"\" style=\"\"text-align: justify;\"\"><span lang=\"\"ES\"\" style=\"\"font-size: 12.0pt; line-height: 107%; font-family: 'Calibri Light',sans-serif; mso-bidi-font-weight: bold;\"\">&ldquo;Estoy muy agradecida, porque uno ve el trabajo, en realidad los chilenos somos super buenos para criticar las cosas; cuando se hacen 1000 cosas buenas nadie habla, cuando hay un solo problema, todo el mundo critica y habla de esa cosa mala y es el punto negro, nosotros en nuestra regi&oacute;n debemos estar muy agradecidos y contentos por todo el trabajo que est&aacute; haciendo el personal de salud y los m&eacute;dicos, porque la preocupaci&oacute;n que ellos tienen es 24\/7, y es tremendamente valioso para nuestra seguridad y tranquilidad como ciudadanos&ldquo;, enfatiz&oacute; la dirigente social.<\/span><\/p>\n<p class=\"\"MsoNormal\"\" style=\"\"text-align: justify;\"\"><span lang=\"\"ES\"\" style=\"\"font-size: 12.0pt; line-height: 107%; font-family: 'Calibri Light',sans-serif; mso-bidi-font-weight: bold;\"\">Una vez concluida la exposici&oacute;n, el anfitri&oacute;n de la instancia de difusi&oacute;n del accionar del sector salud, Julio Vargas Gonz&aacute;lez, en su calidad de director, evalu&oacute; en forma positiva la experiencia desarrollada.<\/span><\/p>\n<p class=\"\"MsoNormal\"\" style=\"\"text-align: justify;\"\"><span lang=\"\"ES\"\" style=\"\"font-size: 12.0pt; line-height: 107%; font-family: 'Calibri Light',sans-serif; mso-bidi-font-weight: bold;\"\">&ldquo;Esto tiene dos etapas, la primera era prepararnos nosotros y para ello nos dimos cuenta que ten&iacute;amos que tener una planificaci&oacute;n, que deb&iacute;a ser organizada y generar las instancias de participaci&oacute;n de las y los profesionales y lo segundo que deb&iacute;amos ejecutar una presentaci&oacute;n, para bajar el nivel de incertidumbre de la comunidad y de nuestros usuarios. Uno da por hecho o por sabido, cosas que muchas veces no se saben, pues sabido es que mientras m&aacute;s informada est&eacute; la poblaci&oacute;n, va a ser menor el nivel de incertidumbre y angustia y eso es lo que buscamos al implementar esta herramienta de trabajo, que va siendo enriquecida d&iacute;a a d&iacute;a &ldquo;recalc&oacute; el director de la Red asistencial de Ays&eacute;n&rdquo;, quien agradeci&oacute; la amplia convocatoria que alcanz&oacute; a las 80 personas, quienes contribuir&aacute;n en replicar el mensaje.<\/span><\/p>\n<p class=\"\"MsoNormal\"\" style=\"\"text-align: justify;\"\"><span lang=\"\"ES\"\" style=\"\"font-size: 12.0pt; line-height: 107%; font-family: 'Calibri Light',sans-serif; mso-bidi-font-weight: bold;\"\">La exposici&oacute;n sobre el plan estrat&eacute;gico para hacer frente a la pandemia, que est&aacute; aplicando el servicio de salud en todos sus establecimientos, la puedes conocer en su totalidad y compartirla, mediante el siguiente link:<\/span><\/p>\n<p class=\"\"MsoNormal\"\" style=\"\"text-align: justify;\"\"><span lang=\"\"ES\"\" style=\"\"font-size: 12.0pt; line-height: 107%;\"\"><a href=\"\"https:\/\/cutt.ly\/9yc8ozW\"\">https:\/\/cutt.ly\/9yc8ozW<\/a> <\/span><\/p>\n<p>\u00ab<\/p>\n","protected":false},"excerpt":{"rendered":"<p>\u00ab Nuevas modalidades de atenci&oacute;n, despliegue territorial de los equipos, remodelaci&oacute;n de infraestructura, aportes de los sectores p&uacute;blico y privado, adem&aacute;s de la importante inyecci&oacute;n de recursos financieros y humanos, fueron descritos en detalle por las autoridades del SSA. &nbsp; Mediante Videoconferencia, unas 80 personas entre autoridades, ciudadan&iacute;a y representantes de la sociedad civil, conocieron [&hellip;]<\/p>\n","protected":false},"author":2,"featured_media":0,"comment_status":"open","ping_status":"open","sticky":false,"template":"","format":"standard","meta":{"footnotes":""},"categories":[34],"tags":[],"class_list":["post-5720","post","type-post","status-publish","format-standard","hentry","category-regional"],"_links":{"self":[{"href":"https:\/\/tehuelchenoticias.cl\/nuevo_sitio\/wp-json\/wp\/v2\/posts\/5720","targetHints":{"allow":["GET"]}}],"collection":[{"href":"https:\/\/tehuelchenoticias.cl\/nuevo_sitio\/wp-json\/wp\/v2\/posts"}],"about":[{"href":"https:\/\/tehuelchenoticias.cl\/nuevo_sitio\/wp-json\/wp\/v2\/types\/post"}],"author":[{"embeddable":true,"href":"https:\/\/tehuelchenoticias.cl\/nuevo_sitio\/wp-json\/wp\/v2\/users\/2"}],"replies":[{"embeddable":true,"href":"https:\/\/tehuelchenoticias.cl\/nuevo_sitio\/wp-json\/wp\/v2\/comments?post=5720"}],"version-history":[{"count":0,"href":"https:\/\/tehuelchenoticias.cl\/nuevo_sitio\/wp-json\/wp\/v2\/posts\/5720\/revisions"}],"wp:attachment":[{"href":"https:\/\/tehuelchenoticias.cl\/nuevo_sitio\/wp-json\/wp\/v2\/media?parent=5720"}],"wp:term":[{"taxonomy":"category","embeddable":true,"href":"https:\/\/tehuelchenoticias.cl\/nuevo_sitio\/wp-json\/wp\/v2\/categories?post=5720"},{"taxonomy":"post_tag","embeddable":true,"href":"https:\/\/tehuelchenoticias.cl\/nuevo_sitio\/wp-json\/wp\/v2\/tags?post=5720"}],"curies":[{"name":"wp","href":"https:\/\/api.w.org\/{rel}","templated":true}]}}