{"id":5580,"date":"2020-04-09T22:37:00","date_gmt":"2020-04-09T22:37:00","guid":{"rendered":"https:\/\/tehuelchenoticias.cl\/nuevo_sitio\/?p=5580"},"modified":"2021-08-17T21:13:24","modified_gmt":"2021-08-18T00:13:24","slug":"ssa-adquirio-los-32-ventiladores-mecanicos-comprometidos-con-recursos-del-gore-que-llegarian-en-agosto","status":"publish","type":"post","link":"https:\/\/tehuelchenoticias.cl\/nuevo_sitio\/2020\/04\/09\/ssa-adquirio-los-32-ventiladores-mecanicos-comprometidos-con-recursos-del-gore-que-llegarian-en-agosto\/","title":{"rendered":"SSA adquiri\u00f3 los 32 ventiladores mec\u00e1nicos comprometidos con recursos del GORE que llegar\u00edan en agosto"},"content":{"rendered":"<p>\u00ab<\/p>\n<p class=\"\"MsoNormal\"\" style=\"\"text-align: justify;\"\">Las &oacute;rdenes de compra ya despachadas al proveedor, aseguran la llegada del equipamiento de soporte vital, en un plazo que fluct&uacute;a entre los 90 y los 120 d&iacute;as, es decir, entre julio y agosto pr&oacute;ximo.<\/p>\n<p class=\"\"MsoNormal\"\" style=\"\"text-align: justify;\"\"><span style=\"\"font-size: 12.0pt; line-height: 107%; mso-bidi-font-weight: bold;\"\">&ldquo; La Direcci&oacute;n del Servicio de Salud Ays&eacute;n, con fecha 8 de abril ha emitido tres &oacute;rdenes de compra para la adquisici&oacute;n de ventiladores mec&aacute;nicos y as&iacute; fortalecer la Red asistencial de salud, tal como se comprometi&oacute; la instituci&oacute;n, con las y los Consejeros Regionales, que tras la aprobaci&oacute;n de un marco presupuestario la semana pasada, y la destinaci&oacute;n de 734 millones de pesos, para la compra de este equipamiento de soporte vital, para aquellos pacientes cr&iacute;ticos, que pudieran requerirlo, en su tratamiento por COVID 19, seg&uacute;n coment&oacute; el Director Subrogante de la Red Asistencial de Salud en la Regi&oacute;n, Julio Vargas.<\/span><\/p>\n<p class=\"\"MsoNormal\"\" style=\"\"text-align: justify;\"\"><span style=\"\"font-size: 12.0pt; line-height: 107%; mso-bidi-font-weight: bold;\"\">&ldquo;Se trata de ventiladores de transporte, pedi&aacute;tricos e invasivos; todo lo cual, como siempre lo hemos destacado y agradecido, la voluntad de nuestros Consejeros Regionales que en votaci&oacute;n un&aacute;nime aprobaron fondos para la adquisici&oacute;n de estos y otros equipos, pero priorizamos en la l&iacute;nea de lo m&aacute;s urgente que es la adquisici&oacute;n de los ventiladores.<\/span><\/p>\n<p class=\"\"MsoNormal\"\" style=\"\"text-align: justify;\"\"><span style=\"\"font-size: 12.0pt; line-height: 107%; mso-bidi-font-weight: bold;\"\">La compra total asciende a 728 millones de pesos, lo cual tiene por objetivo, aumentar la cantidad de camas cr&iacute;ticas de la Red asistencial.<\/span><\/p>\n<p class=\"\"MsoNormal\"\" style=\"\"text-align: justify;\"\"><span style=\"\"font-size: 12.0pt; line-height: 107%; mso-bidi-font-weight: bold;\"\">La Autoridad explic&oacute; que &ldquo;Los plazos de entrega que se lograron conseguir con toda la alta demanda que hay a nivel mundial por estos equipamientos, ascienden de entre 90 a 120 d&iacute;as. A&uacute;n nos quedan m&aacute;s de mil millones de pesos para ejecutar, pues nos quedan por comprar monitores, camas pedi&aacute;tricas, camas de adulto, bombas de infusi&oacute;n, auto claves etc.&rdquo;.<\/span><\/p>\n<p class=\"\"MsoNormal\"\" style=\"\"text-align: justify;\"\"><span style=\"\"font-size: 12.0pt; line-height: 107%; mso-bidi-font-weight: bold;\"\">Del mismo modo, Julio Vargas, indic&oacute; que, es s&uacute;per importante avanzar en las distintas l&iacute;neas y estrategias de trabajo que se han implementado para el fortalecimiento de la Red.<\/span><\/p>\n<p class=\"\"MsoNormal\"\" style=\"\"text-align: justify;\"\"><span style=\"\"font-size: 12.0pt; line-height: 107%; mso-bidi-font-weight: bold;\"\">&ldquo;Hemos estado abordando la tem&aacute;tica de recursos humanos, es as&iacute;, como se han contratado m&aacute;s de 150 personas, s&oacute;lo para fortalecer a los a los 3050 funcionarios que trabajan d&iacute;a a d&iacute;a en el SSA; adem&aacute;s de la ampliaci&oacute;n de infraestructura, hoy estamos implementando un ELEAM, con lo cual vamos a aumentar en m&aacute;s de 70 camas la capacidad de hospitalizaci&oacute;n; as&iacute; es que estamos en una serie de estrategias que tienen el &uacute;nico objetivo de poder estar lo mejor preparados, para enfrentar esta grave pandemia que azota no s&oacute;lo a nuestra Regi&oacute;n y a Chile, sino que tambi&eacute;n a todo el mundo&rdquo;, enfatiz&oacute; el Director (S) del Servicio de Salud.<\/span><\/p>\n<p class=\"\"MsoNormal\"\" style=\"\"text-align: justify;\"\"><span style=\"\"font-size: 12.0pt; line-height: 107%; mso-bidi-font-weight: bold;\"\">El personero finalmente valor&oacute; la orientaci&oacute;n t&eacute;cnica brindada por la Contralor&iacute;a General de la Rep&uacute;blica, que desde un comienzo ha contribuido en asesorar con sus expertos, procesos tan complejos como los descritos, en este tiempo de crisis sanitaria.<\/span><\/p>\n<p>\u00ab<\/p>\n","protected":false},"excerpt":{"rendered":"<p>\u00ab Las &oacute;rdenes de compra ya despachadas al proveedor, aseguran la llegada del equipamiento de soporte vital, en un plazo que fluct&uacute;a entre los 90 y los 120 d&iacute;as, es decir, entre julio y agosto pr&oacute;ximo. &ldquo; La Direcci&oacute;n del Servicio de Salud Ays&eacute;n, con fecha 8 de abril ha emitido tres &oacute;rdenes de compra [&hellip;]<\/p>\n","protected":false},"author":2,"featured_media":0,"comment_status":"open","ping_status":"open","sticky":false,"template":"","format":"standard","meta":{"footnotes":""},"categories":[34],"tags":[],"class_list":["post-5580","post","type-post","status-publish","format-standard","hentry","category-regional"],"_links":{"self":[{"href":"https:\/\/tehuelchenoticias.cl\/nuevo_sitio\/wp-json\/wp\/v2\/posts\/5580","targetHints":{"allow":["GET"]}}],"collection":[{"href":"https:\/\/tehuelchenoticias.cl\/nuevo_sitio\/wp-json\/wp\/v2\/posts"}],"about":[{"href":"https:\/\/tehuelchenoticias.cl\/nuevo_sitio\/wp-json\/wp\/v2\/types\/post"}],"author":[{"embeddable":true,"href":"https:\/\/tehuelchenoticias.cl\/nuevo_sitio\/wp-json\/wp\/v2\/users\/2"}],"replies":[{"embeddable":true,"href":"https:\/\/tehuelchenoticias.cl\/nuevo_sitio\/wp-json\/wp\/v2\/comments?post=5580"}],"version-history":[{"count":0,"href":"https:\/\/tehuelchenoticias.cl\/nuevo_sitio\/wp-json\/wp\/v2\/posts\/5580\/revisions"}],"wp:attachment":[{"href":"https:\/\/tehuelchenoticias.cl\/nuevo_sitio\/wp-json\/wp\/v2\/media?parent=5580"}],"wp:term":[{"taxonomy":"category","embeddable":true,"href":"https:\/\/tehuelchenoticias.cl\/nuevo_sitio\/wp-json\/wp\/v2\/categories?post=5580"},{"taxonomy":"post_tag","embeddable":true,"href":"https:\/\/tehuelchenoticias.cl\/nuevo_sitio\/wp-json\/wp\/v2\/tags?post=5580"}],"curies":[{"name":"wp","href":"https:\/\/api.w.org\/{rel}","templated":true}]}}